{"id":1726,"date":"2016-05-23T20:09:16","date_gmt":"2016-05-23T18:09:16","guid":{"rendered":"http:\/\/actuary.hu\/weblap2\/?p=1726"},"modified":"2016-10-24T21:00:38","modified_gmt":"2016-10-24T19:00:38","slug":"2016-05-23-mat-tagdij-2016","status":"publish","type":"post","link":"http:\/\/actuary.hu\/weblap2\/blog\/hirek\/2016\/05\/23\/2016-05-23-mat-tagdij-2016\/","title":{"rendered":"2016.05.23 MAT tagd\u00edj 2016"},"content":{"rendered":"<p>A MAT 2016. m\u00e1jus  6-i k\u00f6zgy\u0171l\u00e9se a 2016. \u00e9vi alaptagd\u00edj \u00f6sszeg\u00e9t 6500 Ft-ban \u00e1llap\u00edtotta meg. Nyugd\u00edjasok ennek fel\u00e9t, azaz 3250 Ft-ot fizetnek. K\u00e9rem, hogy aki \u00fajonnan nyugd\u00edjba vonult, emailben \u00e9rtes\u00edtsen err\u0151l! A 2016 . janu\u00e1r 1-\u00e9n m\u00e1r min\u0151s\u00edtett tagoknak a nemzetk\u00f6zi tagd\u00edjakat (IAA \u00e9s AAE) is meg kell fizetni\u00fck. Ez 2016 -ben nem nyugd\u00edjasoknak  9353  Ft, nyugd\u00edjasoknak  3652  Ft. Teh\u00e1t a tagd\u00edj \u00f6sszege a k\u00f6vetkez\u0151:<\/p>\n<table style=\"border:1px solid black;border-collapse:collapse;\">\n<tbody>\n<tr>\n<th style=\"border:1px solid black;\">                      <\/td>\n<th style=\"border:1px solid black;\"> &nbsp;Nem nyugd\u00edjas&nbsp; <\/td>\n<th style=\"border:1px solid black;\"> &nbsp;Nyugd\u00edjas&nbsp; <\/td>\n<\/tr>\n<tr>\n<td style=\"border:1px solid black;\"> &nbsp;Min\u0151s\u00edtett tag&nbsp;<\/td>\n<td style=\"border:1px solid black;\"> &nbsp;15 853 Ft&nbsp; <\/td>\n<td style=\"border:1px solid black;\"> &nbsp;6 902 Ft&nbsp; <\/td>\n<\/tr>\n<tr>\n<td style=\"border:1px solid black;\"> &nbsp;Nem min\u0151s\u00edtett tag&nbsp; <\/td>\n<td style=\"border:1px solid black;\"> &nbsp;6 500 Ft&nbsp; <\/td>\n<td style=\"border:1px solid black;\"> &nbsp;3 250 Ft&nbsp; <\/td>\n<\/tr>\n<\/tbody>\n<\/table>\n<p>K\u00e9rem, hogy tagd\u00edj\u00e1t min\u00e9l hamarabb fizesse be. A MAT Szervezeti \u00e9s M\u0171k\u00f6d\u00e9si Szab\u00e1lyzat\u00e1nak 5. pontja szerint<\/p>\n<p>Az \u00e9vi tagd\u00edj esed\u00e9kess\u00e9ge az alaptagd\u00edjra vonatkoz\u00f3 hat\u00e1rozat meghozatal\u00e1nak napja, \u00e9s alapvet\u0151 elv\u00e1r\u00e1s, hogy az esed\u00e9kess\u00e9g napt\u00e1ri \u00e9v\u00e9nek december 31-ig a tagd\u00edj befizet\u00e9se meg is t\u00f6rt\u00e9njen. A tagok tags\u00e1gi viszonya tagd\u00edj-nemfizet\u00e9s miatt az Alapszab\u00e1lyban meghat\u00e1rozottak szerint megsz\u0171nik, amennyiben az esed\u00e9kes tagd\u00edjat az Alapszab\u00e1lyban r\u00f6gz\u00edtetteknek megfelel\u0151en nem fizetik meg.<\/p>\n<p>A tagd\u00edjat banki \u00e1tutal\u00e1ssal kell befizetni. A banki \u00e1tutal\u00e1shoz sz\u00fcks\u00e9ges inform\u00e1ci\u00f3k:<br \/>\nSz\u00e1mlatulajdonos sz\u00e1mlasz\u00e1ma: 10405004-50515150-57571007.<br \/>\nSz\u00e1mlatulajdonos neve: Magyar Aktu\u00e1rius T\u00e1rsas\u00e1g.<br \/>\nA befizetett \u00f6sszeg korrekt k\u00f6nyvel\u00e9s\u00e9hez azt k\u00e9rem, hogy a  K\u00f6zlem\u00e9ny rovatba \u00edrja be, hogy T\/2016 , valamint annak a nev\u00e9t (bele\u00e9rtve a keresztnev\u00e9t) is, aki(k)nek a tagd\u00edj\u00e1t befizetik, mert k\u00fcl\u00f6nben nem tudjuk meg\u00e1llap\u00edtani, hogy ki(k)re vonatkozik a befizet\u00e9s. A n\u00e9v &#8222;K\u00f6zlem\u00e9ny&#8221;-ben val\u00f3 felt\u00fcntet\u00e9se k\u00fcl\u00f6n\u00f6sen akkor fontos, ha int\u00e9zm\u00e9ny a befizet\u0151.<\/p>\n","protected":false},"excerpt":{"rendered":"<p>A MAT 2016. m\u00e1jus 6-i k\u00f6zgy\u0171l\u00e9se a 2016. \u00e9vi alaptagd\u00edj \u00f6sszeg\u00e9t 6500 Ft-ban \u00e1llap\u00edtotta meg. Nyugd\u00edjasok ennek fel\u00e9t, azaz 3250 Ft-ot fizetnek. K\u00e9rem, hogy aki \u00fajonnan nyugd\u00edjba vonult, emailben \u00e9rtes\u00edtsen [&hellip;]<\/p>\n","protected":false},"author":2,"featured_media":0,"comment_status":"closed","ping_status":"closed","sticky":false,"template":"","format":"standard","meta":{"footnotes":""},"categories":[4],"tags":[],"_links":{"self":[{"href":"http:\/\/actuary.hu\/weblap2\/wp-json\/wp\/v2\/posts\/1726"}],"collection":[{"href":"http:\/\/actuary.hu\/weblap2\/wp-json\/wp\/v2\/posts"}],"about":[{"href":"http:\/\/actuary.hu\/weblap2\/wp-json\/wp\/v2\/types\/post"}],"author":[{"embeddable":true,"href":"http:\/\/actuary.hu\/weblap2\/wp-json\/wp\/v2\/users\/2"}],"replies":[{"embeddable":true,"href":"http:\/\/actuary.hu\/weblap2\/wp-json\/wp\/v2\/comments?post=1726"}],"version-history":[{"count":14,"href":"http:\/\/actuary.hu\/weblap2\/wp-json\/wp\/v2\/posts\/1726\/revisions"}],"predecessor-version":[{"id":2239,"href":"http:\/\/actuary.hu\/weblap2\/wp-json\/wp\/v2\/posts\/1726\/revisions\/2239"}],"wp:attachment":[{"href":"http:\/\/actuary.hu\/weblap2\/wp-json\/wp\/v2\/media?parent=1726"}],"wp:term":[{"taxonomy":"category","embeddable":true,"href":"http:\/\/actuary.hu\/weblap2\/wp-json\/wp\/v2\/categories?post=1726"},{"taxonomy":"post_tag","embeddable":true,"href":"http:\/\/actuary.hu\/weblap2\/wp-json\/wp\/v2\/tags?post=1726"}],"curies":[{"name":"wp","href":"https:\/\/api.w.org\/{rel}","templated":true}]}}